{"id":4412,"date":"2025-04-11T14:16:56","date_gmt":"2025-04-11T12:16:56","guid":{"rendered":"https:\/\/www.malpelo.org\/?p=4412"},"modified":"2025-04-11T14:17:38","modified_gmt":"2025-04-11T12:17:38","slug":"taller-herramientas-para-la-accion","status":"publish","type":"post","link":"https:\/\/www.malpelo.org\/es\/2025\/04\/11\/taller-herramientas-para-la-accion\/","title":{"rendered":"Taller: Herramientas para la acci\u00f3n"},"content":{"rendered":"<div class=\"bcontent\">\n<p><strong>Pep Ramis<\/strong> i <strong>Maria Mu\u00f1oz <\/strong>ofrecer\u00e1n un taller donde experimentar los mecanismos de la acci\u00f3n y lo que desencadenan. Una mirada sobre el movimiento y la escritura del cuerpo en acci\u00f3n. Ser\u00e1 en <strong>L&#8217;Animal a l&#8217;Esquena<\/strong>, el centro de creaci\u00f3n que ambos crearon y dirigen desde 1997 en Celr\u00e0 (Girona).<\/p>\n<p>Precisi\u00f3n, duraci\u00f3n, compromiso, intensidad, silencio, ausencia, presencia, puntuaci\u00f3n, habitabilidad, capitulaci\u00f3n, fraseo, puntuaci\u00f3n, linealidad, temporalidad, musicalidad, ritmo, escritura, son algunos de los t\u00e9rminos que cuestionaremos durante el curso.<\/p>\n<\/div>\n<div><\/div>\n<div class=\"bcontent\"><em>ACCIONAR:\u00a0<\/em><\/div>\n<div class=\"bcontent\">1. Ejercer una acci\u00f3n; 2. Hacer movimientos y gestos para dar a entender alguna cosa; 3.Comandar la acci\u00f3n de un mecanismo.Los talleres de <strong>MAL PELO<\/strong> est\u00e1n impartidos por los dos codirectores de la compa\u00f1\u00eda, sin que ello implique la presencia de los dos en cada sesi\u00f3n.<\/p>\n<\/div>\n<div class=\"bcontent\">\n<p>El horario del taller ser\u00e1 de lunes a jueves de 11:30 a 18:30, i el viernes de 10:00 a 15:00.<\/p>\n<\/div>\n","protected":false},"excerpt":{"rendered":"<p>Pep Ramis i Maria Mu\u00f1oz ofrecer\u00e1n un taller donde experimentar los mecanismos de la acci\u00f3n y lo que desencadenan. Una mirada sobre el movimiento y la escritura del cuerpo en acci\u00f3n. Ser\u00e1 en L&#8217;Animal a l&#8217;Esquena, el centro de creaci\u00f3n que ambos crearon y dirigen desde 1997 en Celr\u00e0 (Girona). Precisi\u00f3n, duraci\u00f3n, compromiso, intensidad, silencio, [&hellip;]<\/p>\n","protected":false},"author":1,"featured_media":4133,"comment_status":"open","ping_status":"open","sticky":false,"template":"","format":"standard","meta":{"_acf_changed":false,"footnotes":""},"categories":[18],"tags":[],"class_list":["post-4412","post","type-post","status-publish","format-standard","hentry","category-sin-categorizar"],"acf":[],"yoast_head":"<!-- This site is optimized with the Yoast SEO plugin v27.5 - https:\/\/yoast.com\/product\/yoast-seo-wordpress\/ -->\n<title>Taller: Herramientas para la acci\u00f3n - Mal Pelo<\/title>\n<meta name=\"robots\" content=\"index, follow, max-snippet:-1, max-image-preview:large, max-video-preview:-1\" \/>\n<link rel=\"canonical\" href=\"https:\/\/www.malpelo.org\/es\/2025\/04\/11\/taller-herramientas-para-la-accion\/\" \/>\n<meta property=\"og:locale\" content=\"es_ES\" \/>\n<meta property=\"og:type\" content=\"article\" \/>\n<meta property=\"og:title\" content=\"Taller: Herramientas para la acci\u00f3n - Mal Pelo\" \/>\n<meta property=\"og:description\" content=\"Pep Ramis i Maria Mu\u00f1oz ofrecer\u00e1n un taller donde experimentar los mecanismos de la acci\u00f3n y lo que desencadenan. Una mirada sobre el movimiento y la escritura del cuerpo en acci\u00f3n. Ser\u00e1 en L&#8217;Animal a l&#8217;Esquena, el centro de creaci\u00f3n que ambos crearon y dirigen desde 1997 en Celr\u00e0 (Girona). Precisi\u00f3n, duraci\u00f3n, compromiso, intensidad, silencio, [&hellip;]\" \/>\n<meta property=\"og:url\" content=\"https:\/\/www.malpelo.org\/es\/2025\/04\/11\/taller-herramientas-para-la-accion\/\" \/>\n<meta property=\"og:site_name\" content=\"Mal Pelo\" \/>\n<meta property=\"article:published_time\" content=\"2025-04-11T12:16:56+00:00\" \/>\n<meta property=\"article:modified_time\" content=\"2025-04-11T12:17:38+00:00\" \/>\n<meta property=\"og:image\" content=\"https:\/\/www.malpelo.org\/wp-content\/uploads\/2022\/10\/MP-OGV_3309web\u220fTristan-Perez-Martin.jpg\" \/>\n\t<meta property=\"og:image:width\" content=\"1500\" \/>\n\t<meta property=\"og:image:height\" content=\"1000\" \/>\n\t<meta property=\"og:image:type\" content=\"image\/jpeg\" \/>\n<meta name=\"author\" content=\"Malpelo\" \/>\n<meta name=\"twitter:card\" content=\"summary_large_image\" \/>\n<meta name=\"twitter:label1\" content=\"Escrito por\" \/>\n\t<meta name=\"twitter:data1\" content=\"Malpelo\" \/>\n\t<meta name=\"twitter:label2\" content=\"Tiempo de lectura\" \/>\n\t<meta name=\"twitter:data2\" content=\"1 minuto\" \/>\n<script type=\"application\/ld+json\" class=\"yoast-schema-graph\">{\"@context\":\"https:\\\/\\\/schema.org\",\"@graph\":[{\"@type\":\"Article\",\"@id\":\"https:\\\/\\\/www.malpelo.org\\\/es\\\/2025\\\/04\\\/11\\\/taller-herramientas-para-la-accion\\\/#article\",\"isPartOf\":{\"@id\":\"https:\\\/\\\/www.malpelo.org\\\/es\\\/2025\\\/04\\\/11\\\/taller-herramientas-para-la-accion\\\/\"},\"author\":{\"name\":\"Malpelo\",\"@id\":\"https:\\\/\\\/www.malpelo.org\\\/#\\\/schema\\\/person\\\/abfa68be7970517fc4fd8611e23b68ee\"},\"headline\":\"Taller: Herramientas para la acci\u00f3n\",\"datePublished\":\"2025-04-11T12:16:56+00:00\",\"dateModified\":\"2025-04-11T12:17:38+00:00\",\"mainEntityOfPage\":{\"@id\":\"https:\\\/\\\/www.malpelo.org\\\/es\\\/2025\\\/04\\\/11\\\/taller-herramientas-para-la-accion\\\/\"},\"wordCount\":160,\"commentCount\":0,\"image\":{\"@id\":\"https:\\\/\\\/www.malpelo.org\\\/es\\\/2025\\\/04\\\/11\\\/taller-herramientas-para-la-accion\\\/#primaryimage\"},\"thumbnailUrl\":\"https:\\\/\\\/www.malpelo.org\\\/wp-content\\\/uploads\\\/2022\\\/10\\\/MP-OGV_3309web\u220fTristan-Perez-Martin-e1773320448442.jpg\",\"articleSection\":[\"Sin categorizar\"],\"inLanguage\":\"es\",\"potentialAction\":[{\"@type\":\"CommentAction\",\"name\":\"Comment\",\"target\":[\"https:\\\/\\\/www.malpelo.org\\\/es\\\/2025\\\/04\\\/11\\\/taller-herramientas-para-la-accion\\\/#respond\"]}]},{\"@type\":\"WebPage\",\"@id\":\"https:\\\/\\\/www.malpelo.org\\\/es\\\/2025\\\/04\\\/11\\\/taller-herramientas-para-la-accion\\\/\",\"url\":\"https:\\\/\\\/www.malpelo.org\\\/es\\\/2025\\\/04\\\/11\\\/taller-herramientas-para-la-accion\\\/\",\"name\":\"Taller: Herramientas para la acci\u00f3n - Mal Pelo\",\"isPartOf\":{\"@id\":\"https:\\\/\\\/www.malpelo.org\\\/#website\"},\"primaryImageOfPage\":{\"@id\":\"https:\\\/\\\/www.malpelo.org\\\/es\\\/2025\\\/04\\\/11\\\/taller-herramientas-para-la-accion\\\/#primaryimage\"},\"image\":{\"@id\":\"https:\\\/\\\/www.malpelo.org\\\/es\\\/2025\\\/04\\\/11\\\/taller-herramientas-para-la-accion\\\/#primaryimage\"},\"thumbnailUrl\":\"https:\\\/\\\/www.malpelo.org\\\/wp-content\\\/uploads\\\/2022\\\/10\\\/MP-OGV_3309web\u220fTristan-Perez-Martin-e1773320448442.jpg\",\"datePublished\":\"2025-04-11T12:16:56+00:00\",\"dateModified\":\"2025-04-11T12:17:38+00:00\",\"author\":{\"@id\":\"https:\\\/\\\/www.malpelo.org\\\/#\\\/schema\\\/person\\\/abfa68be7970517fc4fd8611e23b68ee\"},\"breadcrumb\":{\"@id\":\"https:\\\/\\\/www.malpelo.org\\\/es\\\/2025\\\/04\\\/11\\\/taller-herramientas-para-la-accion\\\/#breadcrumb\"},\"inLanguage\":\"es\",\"potentialAction\":[{\"@type\":\"ReadAction\",\"target\":[\"https:\\\/\\\/www.malpelo.org\\\/es\\\/2025\\\/04\\\/11\\\/taller-herramientas-para-la-accion\\\/\"]}]},{\"@type\":\"ImageObject\",\"inLanguage\":\"es\",\"@id\":\"https:\\\/\\\/www.malpelo.org\\\/es\\\/2025\\\/04\\\/11\\\/taller-herramientas-para-la-accion\\\/#primaryimage\",\"url\":\"https:\\\/\\\/www.malpelo.org\\\/wp-content\\\/uploads\\\/2022\\\/10\\\/MP-OGV_3309web\u220fTristan-Perez-Martin-e1773320448442.jpg\",\"contentUrl\":\"https:\\\/\\\/www.malpelo.org\\\/wp-content\\\/uploads\\\/2022\\\/10\\\/MP-OGV_3309web\u220fTristan-Perez-Martin-e1773320448442.jpg\",\"width\":1500,\"height\":1000,\"caption\":\"MAL PELO - On Goldberg Variations \\\/ Variations \u00a9Tristan Perez-Martin\"},{\"@type\":\"BreadcrumbList\",\"@id\":\"https:\\\/\\\/www.malpelo.org\\\/es\\\/2025\\\/04\\\/11\\\/taller-herramientas-para-la-accion\\\/#breadcrumb\",\"itemListElement\":[{\"@type\":\"ListItem\",\"position\":1,\"name\":\"Inici\",\"item\":\"https:\\\/\\\/www.malpelo.org\\\/es\\\/\"},{\"@type\":\"ListItem\",\"position\":2,\"name\":\"Taller: Herramientas para la acci\u00f3n\"}]},{\"@type\":\"WebSite\",\"@id\":\"https:\\\/\\\/www.malpelo.org\\\/#website\",\"url\":\"https:\\\/\\\/www.malpelo.org\\\/\",\"name\":\"Mal Pelo\",\"description\":\"Mal Pelo\",\"potentialAction\":[{\"@type\":\"SearchAction\",\"target\":{\"@type\":\"EntryPoint\",\"urlTemplate\":\"https:\\\/\\\/www.malpelo.org\\\/?s={search_term_string}\"},\"query-input\":{\"@type\":\"PropertyValueSpecification\",\"valueRequired\":true,\"valueName\":\"search_term_string\"}}],\"inLanguage\":\"es\"},{\"@type\":\"Person\",\"@id\":\"https:\\\/\\\/www.malpelo.org\\\/#\\\/schema\\\/person\\\/abfa68be7970517fc4fd8611e23b68ee\",\"name\":\"Malpelo\",\"image\":{\"@type\":\"ImageObject\",\"inLanguage\":\"es\",\"@id\":\"https:\\\/\\\/secure.gravatar.com\\\/avatar\\\/c135a3682a0ac05df013b1e0a78f6ea437820f7016bfb883d5e36acc1ba1fa04?s=96&d=mm&r=g\",\"url\":\"https:\\\/\\\/secure.gravatar.com\\\/avatar\\\/c135a3682a0ac05df013b1e0a78f6ea437820f7016bfb883d5e36acc1ba1fa04?s=96&d=mm&r=g\",\"contentUrl\":\"https:\\\/\\\/secure.gravatar.com\\\/avatar\\\/c135a3682a0ac05df013b1e0a78f6ea437820f7016bfb883d5e36acc1ba1fa04?s=96&d=mm&r=g\",\"caption\":\"Malpelo\"},\"url\":\"https:\\\/\\\/www.malpelo.org\\\/es\\\/author\\\/malpelo\\\/\"}]}<\/script>\n<!-- \/ Yoast SEO plugin. -->","yoast_head_json":{"title":"Taller: Herramientas para la acci\u00f3n - Mal Pelo","robots":{"index":"index","follow":"follow","max-snippet":"max-snippet:-1","max-image-preview":"max-image-preview:large","max-video-preview":"max-video-preview:-1"},"canonical":"https:\/\/www.malpelo.org\/es\/2025\/04\/11\/taller-herramientas-para-la-accion\/","og_locale":"es_ES","og_type":"article","og_title":"Taller: Herramientas para la acci\u00f3n - Mal Pelo","og_description":"Pep Ramis i Maria Mu\u00f1oz ofrecer\u00e1n un taller donde experimentar los mecanismos de la acci\u00f3n y lo que desencadenan. Una mirada sobre el movimiento y la escritura del cuerpo en acci\u00f3n. Ser\u00e1 en L&#8217;Animal a l&#8217;Esquena, el centro de creaci\u00f3n que ambos crearon y dirigen desde 1997 en Celr\u00e0 (Girona). Precisi\u00f3n, duraci\u00f3n, compromiso, intensidad, silencio, [&hellip;]","og_url":"https:\/\/www.malpelo.org\/es\/2025\/04\/11\/taller-herramientas-para-la-accion\/","og_site_name":"Mal Pelo","article_published_time":"2025-04-11T12:16:56+00:00","article_modified_time":"2025-04-11T12:17:38+00:00","og_image":[{"width":1500,"height":1000,"url":"https:\/\/www.malpelo.org\/wp-content\/uploads\/2022\/10\/MP-OGV_3309web\u220fTristan-Perez-Martin.jpg","type":"image\/jpeg"}],"author":"Malpelo","twitter_card":"summary_large_image","twitter_misc":{"Escrito por":"Malpelo","Tiempo de lectura":"1 minuto"},"schema":{"@context":"https:\/\/schema.org","@graph":[{"@type":"Article","@id":"https:\/\/www.malpelo.org\/es\/2025\/04\/11\/taller-herramientas-para-la-accion\/#article","isPartOf":{"@id":"https:\/\/www.malpelo.org\/es\/2025\/04\/11\/taller-herramientas-para-la-accion\/"},"author":{"name":"Malpelo","@id":"https:\/\/www.malpelo.org\/#\/schema\/person\/abfa68be7970517fc4fd8611e23b68ee"},"headline":"Taller: Herramientas para la acci\u00f3n","datePublished":"2025-04-11T12:16:56+00:00","dateModified":"2025-04-11T12:17:38+00:00","mainEntityOfPage":{"@id":"https:\/\/www.malpelo.org\/es\/2025\/04\/11\/taller-herramientas-para-la-accion\/"},"wordCount":160,"commentCount":0,"image":{"@id":"https:\/\/www.malpelo.org\/es\/2025\/04\/11\/taller-herramientas-para-la-accion\/#primaryimage"},"thumbnailUrl":"https:\/\/www.malpelo.org\/wp-content\/uploads\/2022\/10\/MP-OGV_3309web\u220fTristan-Perez-Martin-e1773320448442.jpg","articleSection":["Sin categorizar"],"inLanguage":"es","potentialAction":[{"@type":"CommentAction","name":"Comment","target":["https:\/\/www.malpelo.org\/es\/2025\/04\/11\/taller-herramientas-para-la-accion\/#respond"]}]},{"@type":"WebPage","@id":"https:\/\/www.malpelo.org\/es\/2025\/04\/11\/taller-herramientas-para-la-accion\/","url":"https:\/\/www.malpelo.org\/es\/2025\/04\/11\/taller-herramientas-para-la-accion\/","name":"Taller: Herramientas para la acci\u00f3n - Mal Pelo","isPartOf":{"@id":"https:\/\/www.malpelo.org\/#website"},"primaryImageOfPage":{"@id":"https:\/\/www.malpelo.org\/es\/2025\/04\/11\/taller-herramientas-para-la-accion\/#primaryimage"},"image":{"@id":"https:\/\/www.malpelo.org\/es\/2025\/04\/11\/taller-herramientas-para-la-accion\/#primaryimage"},"thumbnailUrl":"https:\/\/www.malpelo.org\/wp-content\/uploads\/2022\/10\/MP-OGV_3309web\u220fTristan-Perez-Martin-e1773320448442.jpg","datePublished":"2025-04-11T12:16:56+00:00","dateModified":"2025-04-11T12:17:38+00:00","author":{"@id":"https:\/\/www.malpelo.org\/#\/schema\/person\/abfa68be7970517fc4fd8611e23b68ee"},"breadcrumb":{"@id":"https:\/\/www.malpelo.org\/es\/2025\/04\/11\/taller-herramientas-para-la-accion\/#breadcrumb"},"inLanguage":"es","potentialAction":[{"@type":"ReadAction","target":["https:\/\/www.malpelo.org\/es\/2025\/04\/11\/taller-herramientas-para-la-accion\/"]}]},{"@type":"ImageObject","inLanguage":"es","@id":"https:\/\/www.malpelo.org\/es\/2025\/04\/11\/taller-herramientas-para-la-accion\/#primaryimage","url":"https:\/\/www.malpelo.org\/wp-content\/uploads\/2022\/10\/MP-OGV_3309web\u220fTristan-Perez-Martin-e1773320448442.jpg","contentUrl":"https:\/\/www.malpelo.org\/wp-content\/uploads\/2022\/10\/MP-OGV_3309web\u220fTristan-Perez-Martin-e1773320448442.jpg","width":1500,"height":1000,"caption":"MAL PELO - On Goldberg Variations \/ Variations \u00a9Tristan Perez-Martin"},{"@type":"BreadcrumbList","@id":"https:\/\/www.malpelo.org\/es\/2025\/04\/11\/taller-herramientas-para-la-accion\/#breadcrumb","itemListElement":[{"@type":"ListItem","position":1,"name":"Inici","item":"https:\/\/www.malpelo.org\/es\/"},{"@type":"ListItem","position":2,"name":"Taller: Herramientas para la acci\u00f3n"}]},{"@type":"WebSite","@id":"https:\/\/www.malpelo.org\/#website","url":"https:\/\/www.malpelo.org\/","name":"Mal Pelo","description":"Mal Pelo","potentialAction":[{"@type":"SearchAction","target":{"@type":"EntryPoint","urlTemplate":"https:\/\/www.malpelo.org\/?s={search_term_string}"},"query-input":{"@type":"PropertyValueSpecification","valueRequired":true,"valueName":"search_term_string"}}],"inLanguage":"es"},{"@type":"Person","@id":"https:\/\/www.malpelo.org\/#\/schema\/person\/abfa68be7970517fc4fd8611e23b68ee","name":"Malpelo","image":{"@type":"ImageObject","inLanguage":"es","@id":"https:\/\/secure.gravatar.com\/avatar\/c135a3682a0ac05df013b1e0a78f6ea437820f7016bfb883d5e36acc1ba1fa04?s=96&d=mm&r=g","url":"https:\/\/secure.gravatar.com\/avatar\/c135a3682a0ac05df013b1e0a78f6ea437820f7016bfb883d5e36acc1ba1fa04?s=96&d=mm&r=g","contentUrl":"https:\/\/secure.gravatar.com\/avatar\/c135a3682a0ac05df013b1e0a78f6ea437820f7016bfb883d5e36acc1ba1fa04?s=96&d=mm&r=g","caption":"Malpelo"},"url":"https:\/\/www.malpelo.org\/es\/author\/malpelo\/"}]}},"_links":{"self":[{"href":"https:\/\/www.malpelo.org\/es\/wp-json\/wp\/v2\/posts\/4412","targetHints":{"allow":["GET"]}}],"collection":[{"href":"https:\/\/www.malpelo.org\/es\/wp-json\/wp\/v2\/posts"}],"about":[{"href":"https:\/\/www.malpelo.org\/es\/wp-json\/wp\/v2\/types\/post"}],"author":[{"embeddable":true,"href":"https:\/\/www.malpelo.org\/es\/wp-json\/wp\/v2\/users\/1"}],"replies":[{"embeddable":true,"href":"https:\/\/www.malpelo.org\/es\/wp-json\/wp\/v2\/comments?post=4412"}],"version-history":[{"count":3,"href":"https:\/\/www.malpelo.org\/es\/wp-json\/wp\/v2\/posts\/4412\/revisions"}],"predecessor-version":[{"id":4415,"href":"https:\/\/www.malpelo.org\/es\/wp-json\/wp\/v2\/posts\/4412\/revisions\/4415"}],"wp:featuredmedia":[{"embeddable":true,"href":"https:\/\/www.malpelo.org\/es\/wp-json\/wp\/v2\/media\/4133"}],"wp:attachment":[{"href":"https:\/\/www.malpelo.org\/es\/wp-json\/wp\/v2\/media?parent=4412"}],"wp:term":[{"taxonomy":"category","embeddable":true,"href":"https:\/\/www.malpelo.org\/es\/wp-json\/wp\/v2\/categories?post=4412"},{"taxonomy":"post_tag","embeddable":true,"href":"https:\/\/www.malpelo.org\/es\/wp-json\/wp\/v2\/tags?post=4412"}],"curies":[{"name":"wp","href":"https:\/\/api.w.org\/{rel}","templated":true}]}}